{"id":1,"date":"2017-01-19T10:31:31","date_gmt":"2017-01-19T10:31:31","guid":{"rendered":"http:\/\/www.goikogrill.com\/?p=1"},"modified":"2017-02-09T08:46:54","modified_gmt":"2017-02-09T08:46:54","slug":"inauguramos-goiko-grill-en-valencia","status":"publish","type":"post","link":"https:\/\/www.goiko.com\/es\/inauguramos-goiko-grill-en-valencia\/","title":{"rendered":"Inauguramos Goiko Grill en Valencia acompa\u00f1ados de medios, bloggers, influencers y amigos"},"content":{"rendered":"<p>\u00a1Gracias Valencia! Esta primera semana de apertura ha sido para nosotros un verdadero placer. El p\u00fablico valenciano no ha dejado de enamorarnos con su buen rollo y sus ganas de burger. En Goiko estamos encantados con ser vuestra nueva casa de Hamburguesas.<\/p>\n<p>Ayer 24 de enero, celebramos con los medios locales la apertura del local en Mart\u00ednez Cubells, 4, en un peque\u00f1o brindis donde la reina de la noche fue la Senyoretta. Esta burger, inspirada en los sabores de Valencia, fue catada por todos, \u00a1o casi todos! y por lo que nos pudieron contar \u00a1Ha gustado! \u00a1Bravo Senyoretta!.<\/p>\n<p>Tuvimos la oportunidad de presentarnos como #FamiliaGoikoGrill y de mostrar c\u00f3mo nos gusta hacer las cosas: \u00a1con mucho buen rollo!.<\/p>\n<p><strong>Gracias especiales a los encargados de un s\u00faper ambiente musical, el d\u00fao Damy Soul, a los chicos de PIX! y a nuestro fot\u00f3grafo @Francoyifoto por dejar plasmado el evento en unas fotograf\u00edas incre\u00edbles!<\/strong><\/p>\n<p>Gracias infinitas a todos los que han podido asistir y a todos los que ya nos han brindado su apoyo en las redes sociales. Goiko es vuestra casa siempre.<\/p>\n","protected":false},"excerpt":{"rendered":"<p>\u00a1Gracias Valencia! Esta primera semana de apertura ha sido para nosotros un verdadero placer. El p\u00fablico valenciano no ha dejado de enamorarnos con su buen rollo y sus ganas de burger. En Goiko estamos encantados con ser vuestra nueva casa de Hamburguesas. Ayer 24 de enero, celebramos con los medios locales la apertura del local [&hellip;]<\/p>\n","protected":false},"author":1,"featured_media":172,"comment_status":"open","ping_status":"open","sticky":false,"template":"","format":"standard","meta":{"footnotes":""},"categories":[1],"tags":[14],"class_list":["post-1","post","type-post","status-publish","format-standard","has-post-thumbnail","hentry","category-sin-categorizar","tag-valencia"],"acf":[],"yoast_head":"<!-- This site is optimized with the Yoast SEO plugin v23.8 - https:\/\/yoast.com\/wordpress\/plugins\/seo\/ -->\n<title>Inauguramos Goiko Grill en Valencia acompa\u00f1ados de medios, bloggers, influencers y amigos - GOIKO<\/title>\n<meta name=\"robots\" content=\"index, follow, max-snippet:-1, max-image-preview:large, max-video-preview:-1\" \/>\n<link rel=\"canonical\" href=\"https:\/\/www.goiko.com\/es\/inauguramos-goiko-grill-en-valencia\/\" \/>\n<meta property=\"og:locale\" content=\"es_ES\" \/>\n<meta property=\"og:type\" content=\"article\" \/>\n<meta property=\"og:title\" content=\"Inauguramos Goiko Grill en Valencia acompa\u00f1ados de medios, bloggers, influencers y amigos - GOIKO\" \/>\n<meta property=\"og:description\" content=\"\u00a1Gracias Valencia! Esta primera semana de apertura ha sido para nosotros un verdadero placer. El p\u00fablico valenciano no ha dejado de enamorarnos con su buen rollo y sus ganas de burger. En Goiko estamos encantados con ser vuestra nueva casa de Hamburguesas. Ayer 24 de enero, celebramos con los medios locales la apertura del local [&hellip;]\" \/>\n<meta property=\"og:url\" content=\"https:\/\/www.goiko.com\/es\/inauguramos-goiko-grill-en-valencia\/\" \/>\n<meta property=\"og:site_name\" content=\"GOIKO\" \/>\n<meta property=\"article:publisher\" content=\"https:\/\/www.facebook.com\/goiko\" \/>\n<meta property=\"article:published_time\" content=\"2017-01-19T10:31:31+00:00\" \/>\n<meta property=\"article:modified_time\" content=\"2017-02-09T08:46:54+00:00\" \/>\n<meta property=\"og:image\" content=\"https:\/\/www.goiko.com\/es\/wp-content\/uploads\/2017\/01\/IMG_6502-1200x480.jpg\" \/>\n\t<meta property=\"og:image:width\" content=\"1200\" \/>\n\t<meta property=\"og:image:height\" content=\"480\" \/>\n\t<meta property=\"og:image:type\" content=\"image\/jpeg\" \/>\n<meta name=\"author\" content=\"admin\" \/>\n<meta name=\"twitter:card\" content=\"summary_large_image\" \/>\n<meta name=\"twitter:creator\" content=\"@goiko\" \/>\n<meta name=\"twitter:site\" content=\"@goiko\" \/>\n<meta name=\"twitter:label1\" content=\"Escrito por\" \/>\n\t<meta name=\"twitter:data1\" content=\"admin\" \/>\n\t<meta name=\"twitter:label2\" content=\"Tiempo de lectura\" \/>\n\t<meta name=\"twitter:data2\" content=\"1 minuto\" \/>\n<script type=\"application\/ld+json\" class=\"yoast-schema-graph\">{\"@context\":\"https:\/\/schema.org\",\"@graph\":[{\"@type\":\"WebPage\",\"@id\":\"https:\/\/www.goiko.com\/es\/inauguramos-goiko-grill-en-valencia\/\",\"url\":\"https:\/\/www.goiko.com\/es\/inauguramos-goiko-grill-en-valencia\/\",\"name\":\"Inauguramos Goiko Grill en Valencia acompa\u00f1ados de medios, bloggers, influencers y amigos - GOIKO\",\"isPartOf\":{\"@id\":\"https:\/\/www.goiko.com\/es\/#website\"},\"primaryImageOfPage\":{\"@id\":\"https:\/\/www.goiko.com\/es\/inauguramos-goiko-grill-en-valencia\/#primaryimage\"},\"image\":{\"@id\":\"https:\/\/www.goiko.com\/es\/inauguramos-goiko-grill-en-valencia\/#primaryimage\"},\"thumbnailUrl\":\"https:\/\/www.goiko.com\/es\/wp-content\/uploads\/2017\/01\/IMG_6502-1200x480.jpg\",\"datePublished\":\"2017-01-19T10:31:31+00:00\",\"dateModified\":\"2017-02-09T08:46:54+00:00\",\"author\":{\"@id\":\"https:\/\/www.goiko.com\/es\/#\/schema\/person\/b6639353f98ee3c485094285ba6f79d4\"},\"breadcrumb\":{\"@id\":\"https:\/\/www.goiko.com\/es\/inauguramos-goiko-grill-en-valencia\/#breadcrumb\"},\"inLanguage\":\"es\",\"potentialAction\":[{\"@type\":\"ReadAction\",\"target\":[\"https:\/\/www.goiko.com\/es\/inauguramos-goiko-grill-en-valencia\/\"]}]},{\"@type\":\"ImageObject\",\"inLanguage\":\"es\",\"@id\":\"https:\/\/www.goiko.com\/es\/inauguramos-goiko-grill-en-valencia\/#primaryimage\",\"url\":\"https:\/\/www.goiko.com\/es\/wp-content\/uploads\/2017\/01\/IMG_6502-1200x480.jpg\",\"contentUrl\":\"https:\/\/www.goiko.com\/es\/wp-content\/uploads\/2017\/01\/IMG_6502-1200x480.jpg\",\"width\":1200,\"height\":480},{\"@type\":\"BreadcrumbList\",\"@id\":\"https:\/\/www.goiko.com\/es\/inauguramos-goiko-grill-en-valencia\/#breadcrumb\",\"itemListElement\":[{\"@type\":\"ListItem\",\"position\":1,\"name\":\"Portada\",\"item\":\"https:\/\/www.goiko.com\/es\/\"},{\"@type\":\"ListItem\",\"position\":2,\"name\":\"Inauguramos Goiko Grill en Valencia acompa\u00f1ados de medios, bloggers, influencers y amigos\"}]},{\"@type\":\"WebSite\",\"@id\":\"https:\/\/www.goiko.com\/es\/#website\",\"url\":\"https:\/\/www.goiko.com\/es\/\",\"name\":\"GOIKO\",\"description\":\"Chorreo Forever\",\"potentialAction\":[{\"@type\":\"SearchAction\",\"target\":{\"@type\":\"EntryPoint\",\"urlTemplate\":\"https:\/\/www.goiko.com\/es\/?s={search_term_string}\"},\"query-input\":{\"@type\":\"PropertyValueSpecification\",\"valueRequired\":true,\"valueName\":\"search_term_string\"}}],\"inLanguage\":\"es\"},{\"@type\":\"Person\",\"@id\":\"https:\/\/www.goiko.com\/es\/#\/schema\/person\/b6639353f98ee3c485094285ba6f79d4\",\"name\":\"admin\",\"image\":{\"@type\":\"ImageObject\",\"inLanguage\":\"es\",\"@id\":\"https:\/\/www.goiko.com\/es\/#\/schema\/person\/image\/\",\"url\":\"https:\/\/secure.gravatar.com\/avatar\/ae0f01f26f4188403bc8f1863ceea2ab2dff2fd5a84ee1eb41cd2afd37107955?s=96&d=mm&r=g\",\"contentUrl\":\"https:\/\/secure.gravatar.com\/avatar\/ae0f01f26f4188403bc8f1863ceea2ab2dff2fd5a84ee1eb41cd2afd37107955?s=96&d=mm&r=g\",\"caption\":\"admin\"}}]}<\/script>\n<!-- \/ Yoast SEO plugin. -->","yoast_head_json":{"title":"Inauguramos Goiko Grill en Valencia acompa\u00f1ados de medios, bloggers, influencers y amigos - GOIKO","robots":{"index":"index","follow":"follow","max-snippet":"max-snippet:-1","max-image-preview":"max-image-preview:large","max-video-preview":"max-video-preview:-1"},"canonical":"https:\/\/www.goiko.com\/es\/inauguramos-goiko-grill-en-valencia\/","og_locale":"es_ES","og_type":"article","og_title":"Inauguramos Goiko Grill en Valencia acompa\u00f1ados de medios, bloggers, influencers y amigos - GOIKO","og_description":"\u00a1Gracias Valencia! Esta primera semana de apertura ha sido para nosotros un verdadero placer. El p\u00fablico valenciano no ha dejado de enamorarnos con su buen rollo y sus ganas de burger. En Goiko estamos encantados con ser vuestra nueva casa de Hamburguesas. Ayer 24 de enero, celebramos con los medios locales la apertura del local [&hellip;]","og_url":"https:\/\/www.goiko.com\/es\/inauguramos-goiko-grill-en-valencia\/","og_site_name":"GOIKO","article_publisher":"https:\/\/www.facebook.com\/goiko","article_published_time":"2017-01-19T10:31:31+00:00","article_modified_time":"2017-02-09T08:46:54+00:00","og_image":[{"width":1200,"height":480,"url":"https:\/\/www.goiko.com\/es\/wp-content\/uploads\/2017\/01\/IMG_6502-1200x480.jpg","type":"image\/jpeg"}],"author":"admin","twitter_card":"summary_large_image","twitter_creator":"@goiko","twitter_site":"@goiko","twitter_misc":{"Escrito por":"admin","Tiempo de lectura":"1 minuto"},"schema":{"@context":"https:\/\/schema.org","@graph":[{"@type":"WebPage","@id":"https:\/\/www.goiko.com\/es\/inauguramos-goiko-grill-en-valencia\/","url":"https:\/\/www.goiko.com\/es\/inauguramos-goiko-grill-en-valencia\/","name":"Inauguramos Goiko Grill en Valencia acompa\u00f1ados de medios, bloggers, influencers y amigos - GOIKO","isPartOf":{"@id":"https:\/\/www.goiko.com\/es\/#website"},"primaryImageOfPage":{"@id":"https:\/\/www.goiko.com\/es\/inauguramos-goiko-grill-en-valencia\/#primaryimage"},"image":{"@id":"https:\/\/www.goiko.com\/es\/inauguramos-goiko-grill-en-valencia\/#primaryimage"},"thumbnailUrl":"https:\/\/www.goiko.com\/es\/wp-content\/uploads\/2017\/01\/IMG_6502-1200x480.jpg","datePublished":"2017-01-19T10:31:31+00:00","dateModified":"2017-02-09T08:46:54+00:00","author":{"@id":"https:\/\/www.goiko.com\/es\/#\/schema\/person\/b6639353f98ee3c485094285ba6f79d4"},"breadcrumb":{"@id":"https:\/\/www.goiko.com\/es\/inauguramos-goiko-grill-en-valencia\/#breadcrumb"},"inLanguage":"es","potentialAction":[{"@type":"ReadAction","target":["https:\/\/www.goiko.com\/es\/inauguramos-goiko-grill-en-valencia\/"]}]},{"@type":"ImageObject","inLanguage":"es","@id":"https:\/\/www.goiko.com\/es\/inauguramos-goiko-grill-en-valencia\/#primaryimage","url":"https:\/\/www.goiko.com\/es\/wp-content\/uploads\/2017\/01\/IMG_6502-1200x480.jpg","contentUrl":"https:\/\/www.goiko.com\/es\/wp-content\/uploads\/2017\/01\/IMG_6502-1200x480.jpg","width":1200,"height":480},{"@type":"BreadcrumbList","@id":"https:\/\/www.goiko.com\/es\/inauguramos-goiko-grill-en-valencia\/#breadcrumb","itemListElement":[{"@type":"ListItem","position":1,"name":"Portada","item":"https:\/\/www.goiko.com\/es\/"},{"@type":"ListItem","position":2,"name":"Inauguramos Goiko Grill en Valencia acompa\u00f1ados de medios, bloggers, influencers y amigos"}]},{"@type":"WebSite","@id":"https:\/\/www.goiko.com\/es\/#website","url":"https:\/\/www.goiko.com\/es\/","name":"GOIKO","description":"Chorreo Forever","potentialAction":[{"@type":"SearchAction","target":{"@type":"EntryPoint","urlTemplate":"https:\/\/www.goiko.com\/es\/?s={search_term_string}"},"query-input":{"@type":"PropertyValueSpecification","valueRequired":true,"valueName":"search_term_string"}}],"inLanguage":"es"},{"@type":"Person","@id":"https:\/\/www.goiko.com\/es\/#\/schema\/person\/b6639353f98ee3c485094285ba6f79d4","name":"admin","image":{"@type":"ImageObject","inLanguage":"es","@id":"https:\/\/www.goiko.com\/es\/#\/schema\/person\/image\/","url":"https:\/\/secure.gravatar.com\/avatar\/ae0f01f26f4188403bc8f1863ceea2ab2dff2fd5a84ee1eb41cd2afd37107955?s=96&d=mm&r=g","contentUrl":"https:\/\/secure.gravatar.com\/avatar\/ae0f01f26f4188403bc8f1863ceea2ab2dff2fd5a84ee1eb41cd2afd37107955?s=96&d=mm&r=g","caption":"admin"}}]}},"_links":{"self":[{"href":"https:\/\/www.goiko.com\/es\/wp-json\/wp\/v2\/posts\/1","targetHints":{"allow":["GET"]}}],"collection":[{"href":"https:\/\/www.goiko.com\/es\/wp-json\/wp\/v2\/posts"}],"about":[{"href":"https:\/\/www.goiko.com\/es\/wp-json\/wp\/v2\/types\/post"}],"author":[{"embeddable":true,"href":"https:\/\/www.goiko.com\/es\/wp-json\/wp\/v2\/users\/1"}],"replies":[{"embeddable":true,"href":"https:\/\/www.goiko.com\/es\/wp-json\/wp\/v2\/comments?post=1"}],"version-history":[{"count":0,"href":"https:\/\/www.goiko.com\/es\/wp-json\/wp\/v2\/posts\/1\/revisions"}],"wp:featuredmedia":[{"embeddable":true,"href":"https:\/\/www.goiko.com\/es\/wp-json\/wp\/v2\/media\/172"}],"wp:attachment":[{"href":"https:\/\/www.goiko.com\/es\/wp-json\/wp\/v2\/media?parent=1"}],"wp:term":[{"taxonomy":"category","embeddable":true,"href":"https:\/\/www.goiko.com\/es\/wp-json\/wp\/v2\/categories?post=1"},{"taxonomy":"post_tag","embeddable":true,"href":"https:\/\/www.goiko.com\/es\/wp-json\/wp\/v2\/tags?post=1"}],"curies":[{"name":"wp","href":"https:\/\/api.w.org\/{rel}","templated":true}]}}